{"id":1512,"date":"2023-07-27T13:31:51","date_gmt":"2023-07-27T13:31:51","guid":{"rendered":"https:\/\/canped.com\/?p=1512"},"modified":"2023-09-28T19:35:36","modified_gmt":"2023-09-28T19:35:36","slug":"le-soutien-du-canped-aux-formations-de-lassociation-alzheimer","status":"publish","type":"post","link":"https:\/\/canped.com\/fr\/le-soutien-du-canped-aux-formations-de-lassociation-alzheimer\/","title":{"rendered":"Le soutien du Canped aux formations de l&rsquo;association Alzheimer !"},"content":{"rendered":"<div class=\"wpb-content-wrapper\"><p>[vc_row][vc_column width=\u00a0\u00bb1\/1&Prime;][vc_column_text uncode_shortcode_id=\u00a0\u00bb370042&Prime;]Le \u00ab\u00a0Cours de Soins et d&rsquo;Accompagnement des Personnes \u00c2g\u00e9es et des Patients atteints d&rsquo;Alzheimer\u00a0\u00bb, parrain\u00e9 par Canped, a commenc\u00e9.[\/vc_column_text][vc_column_text uncode_shortcode_id=\u00a0\u00bb140360&Prime;]Dans le cadre du \u00ab\u00a0Cours de Soins et d&rsquo;Accompagnement des Personnes \u00c2g\u00e9es et des Patients atteints d&rsquo;Alzheimer\u00a0\u00bb, parrain\u00e9 par Canped, les participants re\u00e7oivent non seulement des connaissances th\u00e9oriques mais aussi une formation pratique en mati\u00e8re de soins aux personnes \u00e2g\u00e9es et de patients atteints d&rsquo;Alzheimer.[\/vc_column_text][vc_column_text uncode_shortcode_id=\u00a0\u00bb572779&Prime;]Les formations, d&rsquo;une dur\u00e9e de 5 semaines, sont dispens\u00e9es par des formateurs experts dans le domaine \u00e0 la salle de formation de la Maison de Jour pour Alzheimer et \u00e0 la Direction de Dar\u00fclaceze d&rsquo;Istanbul de la Municipalit\u00e9 M\u00e9tropolitaine d&rsquo;Istanbul, sous le parrainage de Canped.[\/vc_column_text][vc_column_text uncode_shortcode_id=\u00a0\u00bb127264&Prime;]Les participants re\u00e7oivent une formation sur les soins quotidiens des personnes \u00e2g\u00e9es et des patients atteints de la maladie d&rsquo;Alzheimer, notamment les soins corporels, des mains, des pieds, de la bouche et des dents, de la peau et des cheveux. Les participants seront inform\u00e9s des mesures \u00e0 prendre pour prot\u00e9ger les personnes \u00e2g\u00e9es et les patients atteints de la maladie d&rsquo;Alzheimer contre les accidents et pr\u00e9venir les chutes, en particulier en ce qui concerne les pr\u00e9cautions \u00e0 prendre dans les chambres, la cuisine, la salle de bain et les toilettes \u00e0 l&rsquo;int\u00e9rieur de la maison.[\/vc_column_text][vc_column_text uncode_shortcode_id=\u00a0\u00bb161316&Prime;]Pendant la dur\u00e9e du cours \u00ab\u00a0Soins et Accompagnement des Personnes \u00c2g\u00e9es et Alzheimer\u00a0\u00bb, parrain\u00e9 par Canped, l&rsquo;objectif est de fournir aux participants une formation ax\u00e9e sur les aspects pratiques, visant \u00e0 les doter des comp\u00e9tences n\u00e9cessaires pour devenir des professionnels de soins qualifi\u00e9s et exemplaires, en particulier dans le domaine des soins pratiques.[\/vc_column_text][\/vc_column][\/vc_row]<\/p>\n<\/div>","protected":false},"excerpt":{"rendered":"<p>[vc_row][vc_column width=\u00a0\u00bb1\/1&Prime;][vc_column_text uncode_shortcode_id=\u00a0\u00bb370042&Prime;]Le \u00ab\u00a0Cours de Soins et d&rsquo;Accompagnement des Personnes \u00c2g\u00e9es et des Patients atteints d&rsquo;Alzheimer\u00a0\u00bb, parrain\u00e9 par Canped, a [&hellip;]<\/p>\n","protected":false},"author":5,"featured_media":703,"comment_status":"open","ping_status":"open","sticky":false,"template":"","format":"standard","meta":{"_acf_changed":false,"footnotes":""},"categories":[123],"tags":[],"class_list":["post-1512","post","type-post","status-publish","format-standard","has-post-thumbnail","hentry","category-actualites"],"acf":[],"yoast_head":"<!-- This site is optimized with the Yoast SEO Premium plugin v26.9 (Yoast SEO v27.4) - https:\/\/yoast.com\/product\/yoast-seo-premium-wordpress\/ -->\n<title>Le soutien du Canped aux formations de l&#039;association Alzheimer ! &#183; Canped<\/title>\n<meta name=\"description\" content=\"Le &quot;Cours de Soins et d&#039;Accompagnement des Personnes \u00c2g\u00e9es et des Patients atteints d&#039;Alzheimer&quot;, parrain\u00e9 par Canped, a commenc\u00e9.\" \/>\n<meta name=\"robots\" content=\"index, follow, max-snippet:-1, max-image-preview:large, max-video-preview:-1\" \/>\n<link rel=\"canonical\" href=\"https:\/\/canped.com\/fr\/le-soutien-du-canped-aux-formations-de-lassociation-alzheimer\/\" \/>\n<meta property=\"og:locale\" content=\"fr_FR\" \/>\n<meta property=\"og:type\" content=\"article\" \/>\n<meta property=\"og:title\" content=\"Le soutien du Canped aux formations de l&#039;association Alzheimer !\" \/>\n<meta property=\"og:description\" content=\"Le &quot;Cours de Soins et d&#039;Accompagnement des Personnes \u00c2g\u00e9es et des Patients atteints d&#039;Alzheimer&quot;, parrain\u00e9 par Canped, a commenc\u00e9.\" \/>\n<meta property=\"og:url\" content=\"https:\/\/canped.com\/fr\/le-soutien-du-canped-aux-formations-de-lassociation-alzheimer\/\" \/>\n<meta property=\"og:site_name\" content=\"Canped\" \/>\n<meta property=\"article:publisher\" content=\"https:\/\/www.facebook.com\/riskalmacanpedal\/\" \/>\n<meta property=\"article:published_time\" content=\"2023-07-27T13:31:51+00:00\" \/>\n<meta property=\"article:modified_time\" content=\"2023-09-28T19:35:36+00:00\" \/>\n<meta property=\"og:image\" content=\"https:\/\/canped.com\/wp-content\/uploads\/2023\/07\/canped_Canpeds-Support-to-Alzheimers-Association-Trainings.jpg\" \/>\n\t<meta property=\"og:image:width\" content=\"1080\" \/>\n\t<meta property=\"og:image:height\" content=\"400\" \/>\n\t<meta property=\"og:image:type\" content=\"image\/jpeg\" \/>\n<meta name=\"author\" content=\"Aur\u00e9lie Salsarulo\" \/>\n<meta name=\"twitter:card\" content=\"summary_large_image\" \/>\n<meta name=\"twitter:label1\" content=\"\u00c9crit par\" \/>\n\t<meta name=\"twitter:data1\" content=\"Aur\u00e9lie Salsarulo\" \/>\n\t<meta name=\"twitter:label2\" content=\"Dur\u00e9e de lecture estim\u00e9e\" \/>\n\t<meta name=\"twitter:data2\" content=\"2 minutes\" \/>\n<script type=\"application\/ld+json\" class=\"yoast-schema-graph\">{\"@context\":\"https:\\\/\\\/schema.org\",\"@graph\":[{\"@type\":\"Article\",\"@id\":\"https:\\\/\\\/canped.com\\\/fr\\\/le-soutien-du-canped-aux-formations-de-lassociation-alzheimer\\\/#article\",\"isPartOf\":{\"@id\":\"https:\\\/\\\/canped.com\\\/fr\\\/le-soutien-du-canped-aux-formations-de-lassociation-alzheimer\\\/\"},\"author\":{\"name\":\"Aur\u00e9lie Salsarulo\",\"@id\":\"https:\\\/\\\/canped.com\\\/fr\\\/#\\\/schema\\\/person\\\/eed70aad5de1a5dd1d484bc98f898bef\"},\"headline\":\"Le soutien du Canped aux formations de l&rsquo;association Alzheimer !\",\"datePublished\":\"2023-07-27T13:31:51+00:00\",\"dateModified\":\"2023-09-28T19:35:36+00:00\",\"mainEntityOfPage\":{\"@id\":\"https:\\\/\\\/canped.com\\\/fr\\\/le-soutien-du-canped-aux-formations-de-lassociation-alzheimer\\\/\"},\"wordCount\":337,\"commentCount\":0,\"publisher\":{\"@id\":\"https:\\\/\\\/canped.com\\\/fr\\\/#organization\"},\"image\":{\"@id\":\"https:\\\/\\\/canped.com\\\/fr\\\/le-soutien-du-canped-aux-formations-de-lassociation-alzheimer\\\/#primaryimage\"},\"thumbnailUrl\":\"https:\\\/\\\/canped.com\\\/wp-content\\\/uploads\\\/2023\\\/07\\\/canped_Canpeds-Support-to-Alzheimers-Association-Trainings.jpg\",\"articleSection\":[\"Actualit\u00e9s\"],\"inLanguage\":\"fr-FR\",\"potentialAction\":[{\"@type\":\"CommentAction\",\"name\":\"Comment\",\"target\":[\"https:\\\/\\\/canped.com\\\/fr\\\/le-soutien-du-canped-aux-formations-de-lassociation-alzheimer\\\/#respond\"]}]},{\"@type\":\"WebPage\",\"@id\":\"https:\\\/\\\/canped.com\\\/fr\\\/le-soutien-du-canped-aux-formations-de-lassociation-alzheimer\\\/\",\"url\":\"https:\\\/\\\/canped.com\\\/fr\\\/le-soutien-du-canped-aux-formations-de-lassociation-alzheimer\\\/\",\"name\":\"Le soutien du Canped aux formations de l'association Alzheimer ! &#183; Canped\",\"isPartOf\":{\"@id\":\"https:\\\/\\\/canped.com\\\/fr\\\/#website\"},\"primaryImageOfPage\":{\"@id\":\"https:\\\/\\\/canped.com\\\/fr\\\/le-soutien-du-canped-aux-formations-de-lassociation-alzheimer\\\/#primaryimage\"},\"image\":{\"@id\":\"https:\\\/\\\/canped.com\\\/fr\\\/le-soutien-du-canped-aux-formations-de-lassociation-alzheimer\\\/#primaryimage\"},\"thumbnailUrl\":\"https:\\\/\\\/canped.com\\\/wp-content\\\/uploads\\\/2023\\\/07\\\/canped_Canpeds-Support-to-Alzheimers-Association-Trainings.jpg\",\"datePublished\":\"2023-07-27T13:31:51+00:00\",\"dateModified\":\"2023-09-28T19:35:36+00:00\",\"description\":\"Le \\\"Cours de Soins et d'Accompagnement des Personnes \u00c2g\u00e9es et des Patients atteints d'Alzheimer\\\", parrain\u00e9 par Canped, a commenc\u00e9.\",\"breadcrumb\":{\"@id\":\"https:\\\/\\\/canped.com\\\/fr\\\/le-soutien-du-canped-aux-formations-de-lassociation-alzheimer\\\/#breadcrumb\"},\"inLanguage\":\"fr-FR\",\"potentialAction\":[{\"@type\":\"ReadAction\",\"target\":[\"https:\\\/\\\/canped.com\\\/fr\\\/le-soutien-du-canped-aux-formations-de-lassociation-alzheimer\\\/\"]}]},{\"@type\":\"ImageObject\",\"inLanguage\":\"fr-FR\",\"@id\":\"https:\\\/\\\/canped.com\\\/fr\\\/le-soutien-du-canped-aux-formations-de-lassociation-alzheimer\\\/#primaryimage\",\"url\":\"https:\\\/\\\/canped.com\\\/wp-content\\\/uploads\\\/2023\\\/07\\\/canped_Canpeds-Support-to-Alzheimers-Association-Trainings.jpg\",\"contentUrl\":\"https:\\\/\\\/canped.com\\\/wp-content\\\/uploads\\\/2023\\\/07\\\/canped_Canpeds-Support-to-Alzheimers-Association-Trainings.jpg\",\"width\":1080,\"height\":400},{\"@type\":\"BreadcrumbList\",\"@id\":\"https:\\\/\\\/canped.com\\\/fr\\\/le-soutien-du-canped-aux-formations-de-lassociation-alzheimer\\\/#breadcrumb\",\"itemListElement\":[{\"@type\":\"ListItem\",\"position\":1,\"name\":\"Accueil\",\"item\":\"https:\\\/\\\/canped.com\\\/fr\\\/\"},{\"@type\":\"ListItem\",\"position\":2,\"name\":\"Le soutien du Canped aux formations de l&#8217;association Alzheimer !\"}]},{\"@type\":\"WebSite\",\"@id\":\"https:\\\/\\\/canped.com\\\/fr\\\/#website\",\"url\":\"https:\\\/\\\/canped.com\\\/fr\\\/\",\"name\":\"Canped\",\"description\":\"Canped\",\"publisher\":{\"@id\":\"https:\\\/\\\/canped.com\\\/fr\\\/#organization\"},\"potentialAction\":[{\"@type\":\"SearchAction\",\"target\":{\"@type\":\"EntryPoint\",\"urlTemplate\":\"https:\\\/\\\/canped.com\\\/fr\\\/?s={search_term_string}\"},\"query-input\":{\"@type\":\"PropertyValueSpecification\",\"valueRequired\":true,\"valueName\":\"search_term_string\"}}],\"inLanguage\":\"fr-FR\"},{\"@type\":\"Organization\",\"@id\":\"https:\\\/\\\/canped.com\\\/fr\\\/#organization\",\"name\":\"Canped\",\"url\":\"https:\\\/\\\/canped.com\\\/fr\\\/\",\"logo\":{\"@type\":\"ImageObject\",\"inLanguage\":\"fr-FR\",\"@id\":\"https:\\\/\\\/canped.com\\\/fr\\\/#\\\/schema\\\/logo\\\/image\\\/\",\"url\":\"https:\\\/\\\/canped.com\\\/wp-content\\\/uploads\\\/2023\\\/07\\\/cropped-Frame-41-1.png\",\"contentUrl\":\"https:\\\/\\\/canped.com\\\/wp-content\\\/uploads\\\/2023\\\/07\\\/cropped-Frame-41-1.png\",\"width\":512,\"height\":512,\"caption\":\"Canped\"},\"image\":{\"@id\":\"https:\\\/\\\/canped.com\\\/fr\\\/#\\\/schema\\\/logo\\\/image\\\/\"},\"sameAs\":[\"https:\\\/\\\/www.facebook.com\\\/riskalmacanpedal\\\/\"]},{\"@type\":\"Person\",\"@id\":\"https:\\\/\\\/canped.com\\\/fr\\\/#\\\/schema\\\/person\\\/eed70aad5de1a5dd1d484bc98f898bef\",\"name\":\"Aur\u00e9lie Salsarulo\"}]}<\/script>\n<!-- \/ Yoast SEO Premium plugin. -->","yoast_head_json":{"title":"Le soutien du Canped aux formations de l'association Alzheimer ! &#183; Canped","description":"Le \"Cours de Soins et d'Accompagnement des Personnes \u00c2g\u00e9es et des Patients atteints d'Alzheimer\", parrain\u00e9 par Canped, a commenc\u00e9.","robots":{"index":"index","follow":"follow","max-snippet":"max-snippet:-1","max-image-preview":"max-image-preview:large","max-video-preview":"max-video-preview:-1"},"canonical":"https:\/\/canped.com\/fr\/le-soutien-du-canped-aux-formations-de-lassociation-alzheimer\/","og_locale":"fr_FR","og_type":"article","og_title":"Le soutien du Canped aux formations de l'association Alzheimer !","og_description":"Le \"Cours de Soins et d'Accompagnement des Personnes \u00c2g\u00e9es et des Patients atteints d'Alzheimer\", parrain\u00e9 par Canped, a commenc\u00e9.","og_url":"https:\/\/canped.com\/fr\/le-soutien-du-canped-aux-formations-de-lassociation-alzheimer\/","og_site_name":"Canped","article_publisher":"https:\/\/www.facebook.com\/riskalmacanpedal\/","article_published_time":"2023-07-27T13:31:51+00:00","article_modified_time":"2023-09-28T19:35:36+00:00","og_image":[{"width":1080,"height":400,"url":"https:\/\/canped.com\/wp-content\/uploads\/2023\/07\/canped_Canpeds-Support-to-Alzheimers-Association-Trainings.jpg","type":"image\/jpeg"}],"author":"Aur\u00e9lie Salsarulo","twitter_card":"summary_large_image","twitter_misc":{"\u00c9crit par":"Aur\u00e9lie Salsarulo","Dur\u00e9e de lecture estim\u00e9e":"2 minutes"},"schema":{"@context":"https:\/\/schema.org","@graph":[{"@type":"Article","@id":"https:\/\/canped.com\/fr\/le-soutien-du-canped-aux-formations-de-lassociation-alzheimer\/#article","isPartOf":{"@id":"https:\/\/canped.com\/fr\/le-soutien-du-canped-aux-formations-de-lassociation-alzheimer\/"},"author":{"name":"Aur\u00e9lie Salsarulo","@id":"https:\/\/canped.com\/fr\/#\/schema\/person\/eed70aad5de1a5dd1d484bc98f898bef"},"headline":"Le soutien du Canped aux formations de l&rsquo;association Alzheimer !","datePublished":"2023-07-27T13:31:51+00:00","dateModified":"2023-09-28T19:35:36+00:00","mainEntityOfPage":{"@id":"https:\/\/canped.com\/fr\/le-soutien-du-canped-aux-formations-de-lassociation-alzheimer\/"},"wordCount":337,"commentCount":0,"publisher":{"@id":"https:\/\/canped.com\/fr\/#organization"},"image":{"@id":"https:\/\/canped.com\/fr\/le-soutien-du-canped-aux-formations-de-lassociation-alzheimer\/#primaryimage"},"thumbnailUrl":"https:\/\/canped.com\/wp-content\/uploads\/2023\/07\/canped_Canpeds-Support-to-Alzheimers-Association-Trainings.jpg","articleSection":["Actualit\u00e9s"],"inLanguage":"fr-FR","potentialAction":[{"@type":"CommentAction","name":"Comment","target":["https:\/\/canped.com\/fr\/le-soutien-du-canped-aux-formations-de-lassociation-alzheimer\/#respond"]}]},{"@type":"WebPage","@id":"https:\/\/canped.com\/fr\/le-soutien-du-canped-aux-formations-de-lassociation-alzheimer\/","url":"https:\/\/canped.com\/fr\/le-soutien-du-canped-aux-formations-de-lassociation-alzheimer\/","name":"Le soutien du Canped aux formations de l'association Alzheimer ! &#183; Canped","isPartOf":{"@id":"https:\/\/canped.com\/fr\/#website"},"primaryImageOfPage":{"@id":"https:\/\/canped.com\/fr\/le-soutien-du-canped-aux-formations-de-lassociation-alzheimer\/#primaryimage"},"image":{"@id":"https:\/\/canped.com\/fr\/le-soutien-du-canped-aux-formations-de-lassociation-alzheimer\/#primaryimage"},"thumbnailUrl":"https:\/\/canped.com\/wp-content\/uploads\/2023\/07\/canped_Canpeds-Support-to-Alzheimers-Association-Trainings.jpg","datePublished":"2023-07-27T13:31:51+00:00","dateModified":"2023-09-28T19:35:36+00:00","description":"Le \"Cours de Soins et d'Accompagnement des Personnes \u00c2g\u00e9es et des Patients atteints d'Alzheimer\", parrain\u00e9 par Canped, a commenc\u00e9.","breadcrumb":{"@id":"https:\/\/canped.com\/fr\/le-soutien-du-canped-aux-formations-de-lassociation-alzheimer\/#breadcrumb"},"inLanguage":"fr-FR","potentialAction":[{"@type":"ReadAction","target":["https:\/\/canped.com\/fr\/le-soutien-du-canped-aux-formations-de-lassociation-alzheimer\/"]}]},{"@type":"ImageObject","inLanguage":"fr-FR","@id":"https:\/\/canped.com\/fr\/le-soutien-du-canped-aux-formations-de-lassociation-alzheimer\/#primaryimage","url":"https:\/\/canped.com\/wp-content\/uploads\/2023\/07\/canped_Canpeds-Support-to-Alzheimers-Association-Trainings.jpg","contentUrl":"https:\/\/canped.com\/wp-content\/uploads\/2023\/07\/canped_Canpeds-Support-to-Alzheimers-Association-Trainings.jpg","width":1080,"height":400},{"@type":"BreadcrumbList","@id":"https:\/\/canped.com\/fr\/le-soutien-du-canped-aux-formations-de-lassociation-alzheimer\/#breadcrumb","itemListElement":[{"@type":"ListItem","position":1,"name":"Accueil","item":"https:\/\/canped.com\/fr\/"},{"@type":"ListItem","position":2,"name":"Le soutien du Canped aux formations de l&#8217;association Alzheimer !"}]},{"@type":"WebSite","@id":"https:\/\/canped.com\/fr\/#website","url":"https:\/\/canped.com\/fr\/","name":"Canped","description":"Canped","publisher":{"@id":"https:\/\/canped.com\/fr\/#organization"},"potentialAction":[{"@type":"SearchAction","target":{"@type":"EntryPoint","urlTemplate":"https:\/\/canped.com\/fr\/?s={search_term_string}"},"query-input":{"@type":"PropertyValueSpecification","valueRequired":true,"valueName":"search_term_string"}}],"inLanguage":"fr-FR"},{"@type":"Organization","@id":"https:\/\/canped.com\/fr\/#organization","name":"Canped","url":"https:\/\/canped.com\/fr\/","logo":{"@type":"ImageObject","inLanguage":"fr-FR","@id":"https:\/\/canped.com\/fr\/#\/schema\/logo\/image\/","url":"https:\/\/canped.com\/wp-content\/uploads\/2023\/07\/cropped-Frame-41-1.png","contentUrl":"https:\/\/canped.com\/wp-content\/uploads\/2023\/07\/cropped-Frame-41-1.png","width":512,"height":512,"caption":"Canped"},"image":{"@id":"https:\/\/canped.com\/fr\/#\/schema\/logo\/image\/"},"sameAs":["https:\/\/www.facebook.com\/riskalmacanpedal\/"]},{"@type":"Person","@id":"https:\/\/canped.com\/fr\/#\/schema\/person\/eed70aad5de1a5dd1d484bc98f898bef","name":"Aur\u00e9lie Salsarulo"}]}},"_links":{"self":[{"href":"https:\/\/canped.com\/fr\/wp-json\/wp\/v2\/posts\/1512","targetHints":{"allow":["GET"]}}],"collection":[{"href":"https:\/\/canped.com\/fr\/wp-json\/wp\/v2\/posts"}],"about":[{"href":"https:\/\/canped.com\/fr\/wp-json\/wp\/v2\/types\/post"}],"author":[{"embeddable":true,"href":"https:\/\/canped.com\/fr\/wp-json\/wp\/v2\/users\/5"}],"replies":[{"embeddable":true,"href":"https:\/\/canped.com\/fr\/wp-json\/wp\/v2\/comments?post=1512"}],"version-history":[{"count":0,"href":"https:\/\/canped.com\/fr\/wp-json\/wp\/v2\/posts\/1512\/revisions"}],"wp:featuredmedia":[{"embeddable":true,"href":"https:\/\/canped.com\/fr\/wp-json\/wp\/v2\/media\/703"}],"wp:attachment":[{"href":"https:\/\/canped.com\/fr\/wp-json\/wp\/v2\/media?parent=1512"}],"wp:term":[{"taxonomy":"category","embeddable":true,"href":"https:\/\/canped.com\/fr\/wp-json\/wp\/v2\/categories?post=1512"},{"taxonomy":"post_tag","embeddable":true,"href":"https:\/\/canped.com\/fr\/wp-json\/wp\/v2\/tags?post=1512"}],"curies":[{"name":"wp","href":"https:\/\/api.w.org\/{rel}","templated":true}]}}